{"provider_url": "https://www.cambira.pr.leg.br", "title": "24/03/2025 Reuni\u00e3o com o Subtenente Edilson ", "html": "<p>No final da tarde de segunda-feira, 24 de mar\u00e7o de 2025, os vereadores se reuniram com o Comandante do Destacamento, Subtenente Edilson, com o objetivo de refor\u00e7ar a seguran\u00e7a em nossa cidade.</p>", "author_name": "", "version": "1.0", "author_url": "https://www.cambira.pr.leg.br/author/Lilian", "provider_name": "C\u00e2mara Municipal", "type": "rich"}