{"provider_url": "https://www.cambira.pr.leg.br", "title": "6\u00b0 Sess\u00e3o Ordin\u00e1ria 31/03/2025", "html": "<p data-start=\"0\" data-end=\"105\">A C\u00e2mara Municipal de Cambira realizou, na segunda-feira, 31 de mar\u00e7o de 2025, a sua 6\u00aa Sess\u00e3o Ordin\u00e1ria.</p>\r\n<p data-start=\"107\" data-end=\"134\"><strong data-start=\"107\" data-end=\"134\">Mat\u00e9rias do Expediente:</strong></p>\r\n<p data-start=\"136\" data-end=\"917\"><strong data-start=\"136\" data-end=\"163\">Indica\u00e7\u00e3o n\u00ba 23 de 2025</strong><br data-start=\"163\" data-end=\"166\" /> Autor: Silvio Adriano Machado<br data-start=\"195\" data-end=\"198\" /> \"Nos termos regimentais, indico ao Executivo Municipal, atrav\u00e9s da Secretaria competente, que se verifique a viabilidade de equipar os oper\u00e1rios respons\u00e1veis pela coleta de res\u00edduos s\u00f3lidos com equipamentos de prote\u00e7\u00e3o individual (EPIs). Essa a\u00e7\u00e3o visa garantir melhores condi\u00e7\u00f5es de trabalho, seguran\u00e7a e sa\u00fade aos profissionais que desempenham esse servi\u00e7o essencial \u00e0 nossa comunidade. Recomenda-se a aquisi\u00e7\u00e3o dos seguintes itens, conforme especificado nos laudos de seguran\u00e7a e sa\u00fade no trabalho (SST) elaborados. A implementa\u00e7\u00e3o dessas medidas \u00e9 de suma import\u00e2ncia para minimizar os riscos ocupacionais e valorizar os trabalhadores que contribuem significativamente para a limpeza e o bem-estar da nossa cidade.\"</p>\r\n<p data-start=\"919\" data-end=\"1154\"><strong data-start=\"919\" data-end=\"946\">Indica\u00e7\u00e3o n\u00ba 24 de 2025</strong><br data-start=\"946\" data-end=\"949\" /> Autor: Silvio Adriano Machado<br data-start=\"978\" data-end=\"981\" /> \"Nos termos regimentais, indico ao Poder Executivo que proceda com a instala\u00e7\u00e3o de aparelhos de ar condicionado, exaustores e ventiladores no Centro Comunit\u00e1rio de Cambira.\"</p>\r\n<p data-start=\"1156\" data-end=\"1385\"><strong data-start=\"1156\" data-end=\"1183\">Indica\u00e7\u00e3o n\u00ba 25 de 2025</strong><br data-start=\"1183\" data-end=\"1186\" /> Autor: Alisson Rodger Viscardi<br data-start=\"1216\" data-end=\"1219\" /> \"O vereador que esta subscreve, nos termos regimentais, indica \u00e0 Excelent\u00edssima Senhora Prefeita Municipal a necessidade de reativa\u00e7\u00e3o do Viveiro de Mudas Municipal.\"</p>\r\n<p data-start=\"1387\" data-end=\"1838\"><strong data-start=\"1387\" data-end=\"1414\">Indica\u00e7\u00e3o n\u00ba 26 de 2025</strong><br data-start=\"1414\" data-end=\"1417\" /> Autor: Jos\u00e9 Carlos dos Santos<br data-start=\"1446\" data-end=\"1449\" /> \"O vereador que esta subscreve, nos termos regimentais desta Casa de Leis, vem indicar ao Chefe do Poder Executivo Municipal a necessidade de encaminhar projeto de lei que estabele\u00e7a normas espec\u00edficas para o combate \u00e0 dengue no \u00e2mbito do munic\u00edpio, com previs\u00e3o de procedimentos de fiscaliza\u00e7\u00e3o e penalidades para aqueles que descumprirem as diretrizes de preven\u00e7\u00e3o e controle da doen\u00e7a.\"</p>\r\n<p data-start=\"1840\" data-end=\"2199\"><strong data-start=\"1840\" data-end=\"1867\">Indica\u00e7\u00e3o n\u00ba 27 de 2025</strong><br data-start=\"1867\" data-end=\"1870\" /> Autor: Silvio Adriano Machado<br data-start=\"1899\" data-end=\"1902\" /> \"Indico, na forma regimental, ap\u00f3s aprecia\u00e7\u00e3o pelo Plen\u00e1rio, que seja oficiado ao Executivo Municipal o seguinte: que o Executivo Municipal adote medidas para promover a\u00e7\u00f5es de conscientiza\u00e7\u00e3o e incentivo \u00e0 ades\u00e3o dessas legisla\u00e7\u00f5es por parte das empresas locais, destacando os seguintes pontos:</p>\r\n<ol data-start=\"2200\" data-end=\"2903\">\r\n<li data-start=\"2200\" data-end=\"2439\">\r\n<p data-start=\"2203\" data-end=\"2439\"><strong data-start=\"2203\" data-end=\"2243\">Import\u00e2ncia da Lei do Jovem Aprendiz</strong>: Proporciona oportunidades de forma\u00e7\u00e3o e trabalho para jovens, contribuindo para sua autonomia e desenvolvimento. Estimula a responsabilidade social das empresas, fortalecendo a economia local.</p>\r\n</li>\r\n<li data-start=\"2440\" data-end=\"2640\">\r\n<p data-start=\"2443\" data-end=\"2470\"><strong data-start=\"2443\" data-end=\"2467\">Resultados esperados</strong>:</p>\r\n<ul data-start=\"2474\" data-end=\"2640\">\r\n<li data-start=\"2474\" data-end=\"2508\">\r\n<p data-start=\"2476\" data-end=\"2508\">Redu\u00e7\u00e3o do desemprego juvenil.</p>\r\n</li>\r\n<li data-start=\"2512\" data-end=\"2588\">\r\n<p data-start=\"2514\" data-end=\"2588\">Forma\u00e7\u00e3o de m\u00e3o de obra qualificada para atender \u00e0s demandas do mercado.</p>\r\n</li>\r\n<li data-start=\"2592\" data-end=\"2640\">\r\n<p data-start=\"2594\" data-end=\"2640\">Inclus\u00e3o social e redu\u00e7\u00e3o das desigualdades.</p>\r\n</li>\r\n</ul>\r\n</li>\r\n<li data-start=\"2641\" data-end=\"2903\">\r\n<p data-start=\"2644\" data-end=\"2903\"><strong data-start=\"2644\" data-end=\"2670\">Programa Cart\u00e3o Futuro</strong>: Incentiva empresas locais a contratar jovens em situa\u00e7\u00e3o de vulnerabilidade, oferecendo apoio financeiro. Promove a inclus\u00e3o de jovens em condi\u00e7\u00f5es especiais, como aprendizes com defici\u00eancia ou egressos de medidas socioeducativas.\"</p>\r\n</li>\r\n</ol>\r\n<p data-start=\"2905\" data-end=\"2933\"><strong data-start=\"2905\" data-end=\"2933\">Mat\u00e9rias da Ordem do Dia</strong></p>\r\n<p data-start=\"2935\" data-end=\"3263\"><strong data-start=\"2935\" data-end=\"2965\">1. Indica\u00e7\u00e3o n\u00ba 18 de 2025</strong><br data-start=\"2965\" data-end=\"2968\" /> Autor: M\u00e1rcia Aparecida Viscardi da Costa<br data-start=\"3009\" data-end=\"3012\" /> \"Indico, na forma regimental, ap\u00f3s aprecia\u00e7\u00e3o pelo Plen\u00e1rio, que seja oficiado ao Executivo Municipal o seguinte: que sejam adotadas as provid\u00eancias necess\u00e1rias para implanta\u00e7\u00e3o da Patrulha Rural no munic\u00edpio de Cambira.\" (Em vota\u00e7\u00e3o - primeiro turno)</p>\r\n<p data-start=\"3265\" data-end=\"3605\"><strong data-start=\"3265\" data-end=\"3295\">2. Indica\u00e7\u00e3o n\u00ba 19 de 2025</strong><br data-start=\"3295\" data-end=\"3298\" /> Autor: M\u00e1rcia Aparecida Viscardi da Costa<br data-start=\"3339\" data-end=\"3342\" /> \"Indico, na forma regimental, ap\u00f3s aprecia\u00e7\u00e3o pelo Plen\u00e1rio, que seja oficiado ao Executivo Municipal o seguinte: que sejam adotadas as provid\u00eancias necess\u00e1rias para a implanta\u00e7\u00e3o de uma Circular Comunit\u00e1ria no munic\u00edpio de Cambira.\" (Em vota\u00e7\u00e3o - primeiro turno)</p>\r\n<p data-start=\"3607\" data-end=\"3806\"><strong data-start=\"3607\" data-end=\"3637\">3. Indica\u00e7\u00e3o n\u00ba 20 de 2025</strong><br data-start=\"3637\" data-end=\"3640\" /> Autor: Silvio Adriano Machado<br data-start=\"3669\" data-end=\"3672\" /> \"Que sejam instalados bebedouros de \u00e1gua refrigerada na Pra\u00e7a da Igreja Matriz e no Cal\u00e7ad\u00e3o da cidade.\" (Em vota\u00e7\u00e3o - primeiro turno)</p>\r\n<p data-start=\"3808\" data-end=\"4330\"><strong data-start=\"3808\" data-end=\"3838\">4. Indica\u00e7\u00e3o n\u00ba 21 de 2025</strong><br data-start=\"3838\" data-end=\"3841\" /> Autor: Felipe Augusto Serio Zani<br data-start=\"3873\" data-end=\"3876\" /> \"Que seja implantada a Guarda Municipal Motorizada para refor\u00e7ar a seguran\u00e7a e o monitoramento, alertando e colaborando com os policiais, al\u00e9m de fazer rondas nos distritos, bairros e locais p\u00fablicos, levando mais seguran\u00e7a \u00e0 popula\u00e7\u00e3o de Cambira, a fim de monitorar e acompanhar as c\u00e2meras j\u00e1 instaladas, alertando poss\u00edveis suspeitos e antecipando assim os poss\u00edveis crimes e depreda\u00e7\u00f5es dos bens p\u00fablicos e particulares.\" (Em vota\u00e7\u00e3o - primeiro turno)</p>\r\n<p data-start=\"4332\" data-end=\"4617\"><strong data-start=\"4332\" data-end=\"4362\">5. Indica\u00e7\u00e3o n\u00ba 22 de 2025</strong><br data-start=\"4362\" data-end=\"4365\" /> Autor: M\u00e1rcio Adriano Caetano<br data-start=\"4394\" data-end=\"4397\" /> \"Que promova a revitaliza\u00e7\u00e3o dos canteiros da Avenida It\u00e1lia, visando melhorar a est\u00e9tica urbana, proporcionar um ambiente mais agrad\u00e1vel e contribuir para a qualidade de vida da popula\u00e7\u00e3o.\" (Em vota\u00e7\u00e3o - primeiro turno)</p>\r\n<p>\u00a0</p>\r\n<p><span><br /></span></p>", "author_name": "", "version": "1.0", "author_url": "https://www.cambira.pr.leg.br/author/Maju", "provider_name": "C\u00e2mara Municipal", "type": "rich"}