{"provider_url": "https://www.cambira.pr.leg.br", "title": "8\u00b0 Sess\u00e3o Ordin\u00e1ria ", "html": "<p data-start=\"107\" data-end=\"216\"><strong data-start=\"107\" data-end=\"216\">A C\u00e2mara Municipal de Cambira realizou, na segunda-feira, 14 de abril de 2025, a sua 8\u00aa Sess\u00e3o Ordin\u00e1ria.</strong></p>\r\n<p data-start=\"218\" data-end=\"244\"><strong data-start=\"218\" data-end=\"244\">Mat\u00e9rias do Expediente</strong></p>\r\n<p data-start=\"246\" data-end=\"653\"><strong data-start=\"246\" data-end=\"271\">Indica\u00e7\u00e3o n\u00ba 028/2025</strong><br data-start=\"271\" data-end=\"274\" /> <strong data-start=\"274\" data-end=\"307\">Autor: M\u00e1rcio Adriano Caetano</strong><br data-start=\"307\" data-end=\"310\" /> Em conformidade com o Regimento Interno desta Casa e ap\u00f3s aprecia\u00e7\u00e3o pelo Plen\u00e1rio, apresento a seguinte proposi\u00e7\u00e3o:<br data-start=\"426\" data-end=\"429\" /> <em data-start=\"429\" data-end=\"617\">\u201cQue seja oficiado ao Executivo Municipal, solicitando a implementa\u00e7\u00e3o de melhorias na sinaliza\u00e7\u00e3o vi\u00e1ria no cruzamento da rua Rio Grande do Sul com a rua das Violetas, neste munic\u00edpio.\u201d</em><br data-start=\"617\" data-end=\"620\" /> M\u00e1rcio Adriano Caetano<br data-start=\"642\" data-end=\"645\" /> Vereador</p>\r\n<p data-start=\"655\" data-end=\"1144\"><strong data-start=\"655\" data-end=\"680\">Indica\u00e7\u00e3o n\u00ba 029/2025</strong><br data-start=\"680\" data-end=\"683\" /> <strong data-start=\"683\" data-end=\"716\">Autor: M\u00e1rcio Adriano Caetano</strong><br data-start=\"716\" data-end=\"719\" /> Nos termos do Regimento Interno desta Casa e ap\u00f3s aprecia\u00e7\u00e3o pelo Plen\u00e1rio, apresento a seguinte proposi\u00e7\u00e3o:<br data-start=\"827\" data-end=\"830\" /> <em data-start=\"830\" data-end=\"1108\">\u201cO vereador que esta subscreve, no uso de suas atribui\u00e7\u00f5es legais e regimentais, submete \u00e0 aprecia\u00e7\u00e3o do Plen\u00e1rio a presente indica\u00e7\u00e3o, sugerindo \u00e0 senhora prefeita municipal a realiza\u00e7\u00e3o de uma ampla revitaliza\u00e7\u00e3o da sinaliza\u00e7\u00e3o vi\u00e1ria em todo o per\u00edmetro urbano de Cambira.\u201d</em><br data-start=\"1108\" data-end=\"1111\" /> M\u00e1rcio Adriano Caetano<br data-start=\"1133\" data-end=\"1136\" /> Vereador</p>\r\n<p data-start=\"1146\" data-end=\"1427\"><strong data-start=\"1146\" data-end=\"1171\">Indica\u00e7\u00e3o n\u00ba 030/2025</strong><br data-start=\"1171\" data-end=\"1174\" /> <strong data-start=\"1174\" data-end=\"1207\">Autor: S\u00edlvio Adriano Machado</strong><br data-start=\"1207\" data-end=\"1210\" /> <em data-start=\"1210\" data-end=\"1391\">\u201cO vereador que esta subscreve, no uso de suas atribui\u00e7\u00f5es, sugere \u00e0 senhora prefeita municipal o reparo e a manuten\u00e7\u00e3o do espelho d\u2019\u00e1gua situado na pra\u00e7a do Cal\u00e7ad\u00e3o de Cambira.\u201d</em><br data-start=\"1391\" data-end=\"1394\" /> S\u00edlvio Adriano Machado<br data-start=\"1416\" data-end=\"1419\" /> Vereador</p>\r\n<p data-start=\"1429\" data-end=\"1788\"><strong data-start=\"1429\" data-end=\"1454\">Indica\u00e7\u00e3o n\u00ba 031/2025</strong><br data-start=\"1454\" data-end=\"1457\" /> <strong data-start=\"1457\" data-end=\"1490\">Autor: S\u00edlvio Adriano Machado</strong><br data-start=\"1490\" data-end=\"1493\" /> <em data-start=\"1493\" data-end=\"1752\">\u201cO vereador que esta subscreve, no uso de suas atribui\u00e7\u00f5es legais e regimentais, submete \u00e0 aprecia\u00e7\u00e3o do Plen\u00e1rio a presente indica\u00e7\u00e3o, sugerindo a instala\u00e7\u00e3o de um espa\u00e7o destinado a um parque infantil na cidade de Cambira, na rua Castor Bernardo Pereira.\u201d</em><br data-start=\"1752\" data-end=\"1755\" /> S\u00edlvio Adriano Machado<br data-start=\"1777\" data-end=\"1780\" /> Vereador</p>", "author_name": "", "version": "1.0", "author_url": "https://www.cambira.pr.leg.br/author/Maju", "provider_name": "C\u00e2mara Municipal", "type": "rich"}